{"id":1665,"date":"2021-12-17T11:06:00","date_gmt":"2021-12-17T10:06:00","guid":{"rendered":"https:\/\/cpazagra.educacion.navarra.es\/blogs\/?p=1665"},"modified":"2022-03-23T09:30:24","modified_gmt":"2022-03-23T08:30:24","slug":"policia-foral-6o-2021","status":"publish","type":"post","link":"https:\/\/cpazagra.educacion.navarra.es\/blogs\/blog\/2021\/12\/17\/policia-foral-6o-2021\/","title":{"rendered":"Polic\u00eda Foral  6\u00ba &#8211; 2021"},"content":{"rendered":"\n<figure class=\"wp-block-image size-large\"><a href=\"https:\/\/cpazagra.educacion.navarra.es\/blogs\/wp-content\/uploads\/2022\/01\/IMG_0515-Large.jpeg\"><img loading=\"lazy\" width=\"1024\" height=\"768\" src=\"https:\/\/cpazagra.educacion.navarra.es\/blogs\/wp-content\/uploads\/2022\/01\/IMG_0515-Large-1024x768.jpeg\" alt=\"\" class=\"wp-image-1666\" srcset=\"https:\/\/cpazagra.educacion.navarra.es\/blogs\/wp-content\/uploads\/2022\/01\/IMG_0515-Large-1024x768.jpeg 1024w, https:\/\/cpazagra.educacion.navarra.es\/blogs\/wp-content\/uploads\/2022\/01\/IMG_0515-Large-300x225.jpeg 300w, https:\/\/cpazagra.educacion.navarra.es\/blogs\/wp-content\/uploads\/2022\/01\/IMG_0515-Large-768x576.jpeg 768w, https:\/\/cpazagra.educacion.navarra.es\/blogs\/wp-content\/uploads\/2022\/01\/IMG_0515-Large-555x416.jpeg 555w, https:\/\/cpazagra.educacion.navarra.es\/blogs\/wp-content\/uploads\/2022\/01\/IMG_0515-Large.jpeg 1280w\" sizes=\"(max-width: 1024px) 100vw, 1024px\" \/><\/a><\/figure>\n\n\n\n<p>El alumnado de 6\u00ba ha realizado una actividad de educaci\u00f3n vial por parte de la Polic\u00eda Foral en la cual hab\u00eda una parte te\u00f3rica en clase y una parte pr\u00e1ctica en el circuito preparado en el front\u00f3n. Esta parte pr\u00e1ctica inclu\u00eda dos aspectos, uno como peatones y otro como conductores de bicicleta.<\/p>\n\n\n\n<p>Como suele ser habitual, la actividad resulto genial, muy participativa y divertida y terminaron con ganas de m\u00e1s.<\/p>\n\n\n\n<p><a href=\"https:\/\/photos.app.goo.gl\/tDoxeAZRDANvDQqe8\" target=\"_blank\" rel=\"noreferrer noopener\">FOTOGRAF\u00cdAS DE LA ACTIVIDAD <\/a><\/p>\n","protected":false},"excerpt":{"rendered":"<p>El alumnado de 6\u00ba ha realizado una actividad de educaci\u00f3n vial por parte de la Polic\u00eda Foral en la cual hab\u00eda una parte te\u00f3rica en clase y una parte pr\u00e1ctica en el circuito preparado en el front\u00f3n. Esta parte pr\u00e1ctica inclu\u00eda dos aspectos, uno como peatones y otro como conductores de bicicleta. Como suele ser &hellip; <\/p>\n<p><a class=\"more-link btn\" href=\"https:\/\/cpazagra.educacion.navarra.es\/blogs\/blog\/2021\/12\/17\/policia-foral-6o-2021\/\">Continue reading<\/a><\/p>\n","protected":false},"author":1,"featured_media":0,"comment_status":"open","ping_status":"open","sticky":false,"template":"","format":"standard","meta":[],"categories":[5,1],"tags":[],"_links":{"self":[{"href":"https:\/\/cpazagra.educacion.navarra.es\/blogs\/wp-json\/wp\/v2\/posts\/1665"}],"collection":[{"href":"https:\/\/cpazagra.educacion.navarra.es\/blogs\/wp-json\/wp\/v2\/posts"}],"about":[{"href":"https:\/\/cpazagra.educacion.navarra.es\/blogs\/wp-json\/wp\/v2\/types\/post"}],"author":[{"embeddable":true,"href":"https:\/\/cpazagra.educacion.navarra.es\/blogs\/wp-json\/wp\/v2\/users\/1"}],"replies":[{"embeddable":true,"href":"https:\/\/cpazagra.educacion.navarra.es\/blogs\/wp-json\/wp\/v2\/comments?post=1665"}],"version-history":[{"count":1,"href":"https:\/\/cpazagra.educacion.navarra.es\/blogs\/wp-json\/wp\/v2\/posts\/1665\/revisions"}],"predecessor-version":[{"id":1667,"href":"https:\/\/cpazagra.educacion.navarra.es\/blogs\/wp-json\/wp\/v2\/posts\/1665\/revisions\/1667"}],"wp:attachment":[{"href":"https:\/\/cpazagra.educacion.navarra.es\/blogs\/wp-json\/wp\/v2\/media?parent=1665"}],"wp:term":[{"taxonomy":"category","embeddable":true,"href":"https:\/\/cpazagra.educacion.navarra.es\/blogs\/wp-json\/wp\/v2\/categories?post=1665"},{"taxonomy":"post_tag","embeddable":true,"href":"https:\/\/cpazagra.educacion.navarra.es\/blogs\/wp-json\/wp\/v2\/tags?post=1665"}],"curies":[{"name":"wp","href":"https:\/\/api.w.org\/{rel}","templated":true}]}}