{"id":2955,"date":"2025-05-26T14:02:05","date_gmt":"2025-05-26T12:02:05","guid":{"rendered":"https:\/\/cpazagra.educacion.navarra.es\/blogs\/?p=2955"},"modified":"2025-05-26T14:04:57","modified_gmt":"2025-05-26T12:04:57","slug":"carrera-solidaria-25","status":"publish","type":"post","link":"https:\/\/cpazagra.educacion.navarra.es\/blogs\/blog\/2025\/05\/26\/carrera-solidaria-25\/","title":{"rendered":"Carrera Solidaria 25"},"content":{"rendered":"\n<p>Azagra, 26 de mayo, del 2025<\/p>\n\n\n\n<p>Estimadas familias:<br>Desde el Colegio P\u00fablico Francisco Arbeloa queremos agradeceros  sinceramente vuestra participaci\u00f3n y apoyo en la Carrera Solidaria celebrada el pasado 23 de mayo, en colaboraci\u00f3n con la Asociaci\u00f3n Kukura.<br>Desde aqu\u00ed queremos daros las gracias por vuestra ayuda, as\u00ed como a todo el alumnado y profesorado tanto de infantil, primaria como de la E.S.O implicados en dicho proyecto.<br>Gracias a vuestra colaboraci\u00f3n, hemos conseguido no solo aportar ayuda a quienes m\u00e1s lo necesitan en Uganda, sino tambi\u00e9n transmitir a nuestro alumnado el valor de la solidaridad y el compromiso con los dem\u00e1s.<br>Ha sido una jornada muy especial para toda la comunidad educativa, y no habr\u00eda sido posible sin vuestra contribuci\u00f3n.<br>El resultado del almuerzo y carrera solidaria ha sido un total de: 1.462,59\u20ac<\/p>\n\n\n\n<p>ENTIDADES COLABORADORAS:<\/p>\n\n\n\n<ul><li>CPEIP FRANCISCO ARBELOA.<\/li><li>APYMA.<\/li><li>BENIS FOOD.<\/li><li>AYUNTAMIENTO DE AZAGRA.<\/li><li>CAFETER\u00cdA LA PANADERA.<\/li><li>PANADER\u00cdA DULCE CAPRICHO.<\/li><li>PAN BARCOS ( REPARTIDOR PABLO CHAMORRO DONOSO).<\/li><li>CARNICERIA HERMANOS HERN\u00c1NDEZ.<\/li><li>CARNICER\u00cdA MERCHE.<\/li><li>SUMA. HERMANAS ALVARADO.<\/li><\/ul>\n\n\n\n<p>\u00a1Gracias de coraz\u00f3n!<br>Un saludo,<br>La Comisi\u00f3n de Convivencia<\/p>\n\n\n\n<p class=\"has-larger-font-size\"><a href=\"https:\/\/drive.google.com\/drive\/folders\/1u6IKX0YEsa8i6f7osioiSXD1CYy-PESp?usp=drive_link\" target=\"_blank\" rel=\"noreferrer noopener\">FOTOS Y V\u00cdDEOS DE LA ACTIVIDAD<\/a><\/p>\n","protected":false},"excerpt":{"rendered":"<p>Azagra, 26 de mayo, del 2025 Estimadas familias:Desde el Colegio P\u00fablico Francisco Arbeloa queremos agradeceros sinceramente vuestra participaci\u00f3n y apoyo en la Carrera Solidaria celebrada el pasado 23 de mayo, en colaboraci\u00f3n con la Asociaci\u00f3n Kukura.Desde aqu\u00ed queremos daros las gracias por vuestra ayuda, as\u00ed como a todo el alumnado y profesorado tanto de infantil, &hellip; <\/p>\n<p><a class=\"more-link btn\" href=\"https:\/\/cpazagra.educacion.navarra.es\/blogs\/blog\/2025\/05\/26\/carrera-solidaria-25\/\">Continue reading<\/a><\/p>\n","protected":false},"author":1,"featured_media":0,"comment_status":"open","ping_status":"open","sticky":false,"template":"","format":"standard","meta":[],"categories":[1],"tags":[],"_links":{"self":[{"href":"https:\/\/cpazagra.educacion.navarra.es\/blogs\/wp-json\/wp\/v2\/posts\/2955"}],"collection":[{"href":"https:\/\/cpazagra.educacion.navarra.es\/blogs\/wp-json\/wp\/v2\/posts"}],"about":[{"href":"https:\/\/cpazagra.educacion.navarra.es\/blogs\/wp-json\/wp\/v2\/types\/post"}],"author":[{"embeddable":true,"href":"https:\/\/cpazagra.educacion.navarra.es\/blogs\/wp-json\/wp\/v2\/users\/1"}],"replies":[{"embeddable":true,"href":"https:\/\/cpazagra.educacion.navarra.es\/blogs\/wp-json\/wp\/v2\/comments?post=2955"}],"version-history":[{"count":3,"href":"https:\/\/cpazagra.educacion.navarra.es\/blogs\/wp-json\/wp\/v2\/posts\/2955\/revisions"}],"predecessor-version":[{"id":2959,"href":"https:\/\/cpazagra.educacion.navarra.es\/blogs\/wp-json\/wp\/v2\/posts\/2955\/revisions\/2959"}],"wp:attachment":[{"href":"https:\/\/cpazagra.educacion.navarra.es\/blogs\/wp-json\/wp\/v2\/media?parent=2955"}],"wp:term":[{"taxonomy":"category","embeddable":true,"href":"https:\/\/cpazagra.educacion.navarra.es\/blogs\/wp-json\/wp\/v2\/categories?post=2955"},{"taxonomy":"post_tag","embeddable":true,"href":"https:\/\/cpazagra.educacion.navarra.es\/blogs\/wp-json\/wp\/v2\/tags?post=2955"}],"curies":[{"name":"wp","href":"https:\/\/api.w.org\/{rel}","templated":true}]}}