{"id":425,"date":"2017-03-06T13:25:19","date_gmt":"2017-03-06T12:25:19","guid":{"rendered":"http:\/\/cpazagra.educacion.navarra.es\/blogs\/?p=425"},"modified":"2017-03-06T13:31:15","modified_gmt":"2017-03-06T12:31:15","slug":"1o-ep-educacion-fisica","status":"publish","type":"post","link":"https:\/\/cpazagra.educacion.navarra.es\/blogs\/blog\/2017\/03\/06\/1o-ep-educacion-fisica\/","title":{"rendered":"1\u00ba EP &#8211; Educaci\u00f3n f\u00edsica"},"content":{"rendered":"<p><a href=\"http:\/\/cpazagra.educacion.navarra.es\/blogs\/blog\/2017\/03\/06\/1o-ep-educacion-fisica\/img_2928\/\" rel=\"attachment wp-att-427\"><img loading=\"lazy\" class=\"aligncenter size-medium wp-image-427\" src=\"http:\/\/cpazagra.educacion.navarra.es\/blogs\/wp-content\/uploads\/2017\/03\/IMG_2928-300x225.jpg\" alt=\"\" width=\"300\" height=\"225\" srcset=\"https:\/\/cpazagra.educacion.navarra.es\/blogs\/wp-content\/uploads\/2017\/03\/IMG_2928-300x225.jpg 300w, https:\/\/cpazagra.educacion.navarra.es\/blogs\/wp-content\/uploads\/2017\/03\/IMG_2928-768x576.jpg 768w, https:\/\/cpazagra.educacion.navarra.es\/blogs\/wp-content\/uploads\/2017\/03\/IMG_2928.jpg 800w\" sizes=\"(max-width: 300px) 100vw, 300px\" \/><\/a><\/p>\n<p>Los alumnos de 1\u00ba de Educaci\u00f3n Primaria trabajan la lateralidad en Educaci\u00f3n F\u00edsica con los globos.<\/p>\n<p>Para que ve\u00e1is \u00a1Qu\u00e9 bien se lo pasan! ten\u00e9is unas fotos en el siguiente enlace.<\/p>\n<h3><span style=\"color: #0000ff;\"><a style=\"color: #0000ff;\" href=\"https:\/\/goo.gl\/photos\/XhajnuSEK4RPji97A\" target=\"_blank\">FOTOS<\/a><\/span><\/h3>\n<p>&nbsp;<\/p>\n<p>&nbsp;<\/p>\n","protected":false},"excerpt":{"rendered":"<p>Los alumnos de 1\u00ba de Educaci\u00f3n Primaria trabajan la lateralidad en Educaci\u00f3n F\u00edsica con los globos. Para que ve\u00e1is \u00a1Qu\u00e9 bien se lo pasan! ten\u00e9is unas fotos en el siguiente enlace. FOTOS &nbsp; &nbsp;<\/p>\n","protected":false},"author":1,"featured_media":0,"comment_status":"open","ping_status":"open","sticky":false,"template":"","format":"standard","meta":[],"categories":[3],"tags":[],"_links":{"self":[{"href":"https:\/\/cpazagra.educacion.navarra.es\/blogs\/wp-json\/wp\/v2\/posts\/425"}],"collection":[{"href":"https:\/\/cpazagra.educacion.navarra.es\/blogs\/wp-json\/wp\/v2\/posts"}],"about":[{"href":"https:\/\/cpazagra.educacion.navarra.es\/blogs\/wp-json\/wp\/v2\/types\/post"}],"author":[{"embeddable":true,"href":"https:\/\/cpazagra.educacion.navarra.es\/blogs\/wp-json\/wp\/v2\/users\/1"}],"replies":[{"embeddable":true,"href":"https:\/\/cpazagra.educacion.navarra.es\/blogs\/wp-json\/wp\/v2\/comments?post=425"}],"version-history":[{"count":2,"href":"https:\/\/cpazagra.educacion.navarra.es\/blogs\/wp-json\/wp\/v2\/posts\/425\/revisions"}],"predecessor-version":[{"id":428,"href":"https:\/\/cpazagra.educacion.navarra.es\/blogs\/wp-json\/wp\/v2\/posts\/425\/revisions\/428"}],"wp:attachment":[{"href":"https:\/\/cpazagra.educacion.navarra.es\/blogs\/wp-json\/wp\/v2\/media?parent=425"}],"wp:term":[{"taxonomy":"category","embeddable":true,"href":"https:\/\/cpazagra.educacion.navarra.es\/blogs\/wp-json\/wp\/v2\/categories?post=425"},{"taxonomy":"post_tag","embeddable":true,"href":"https:\/\/cpazagra.educacion.navarra.es\/blogs\/wp-json\/wp\/v2\/tags?post=425"}],"curies":[{"name":"wp","href":"https:\/\/api.w.org\/{rel}","templated":true}]}}