{"id":454,"date":"2017-04-24T09:44:19","date_gmt":"2017-04-24T07:44:19","guid":{"rendered":"http:\/\/cpazagra.educacion.navarra.es\/blogs\/?p=454"},"modified":"2017-05-15T13:56:41","modified_gmt":"2017-05-15T11:56:41","slug":"dia-del-arbol","status":"publish","type":"post","link":"https:\/\/cpazagra.educacion.navarra.es\/blogs\/blog\/2017\/04\/24\/dia-del-arbol\/","title":{"rendered":"D\u00eda del \u00e1rbol"},"content":{"rendered":"<p>El Mi\u00e9rcoles 12 de Abril, coincidiendo con el \u00faltimo d\u00eda del segundo trimestre, celebramos en el colegio el d\u00eda del \u00e1rbol, cada clase plantamos uno en la parte trasera del campo de f\u00fatbol (junto a las pistas de padel), siempre con la colaboraci\u00f3n de los trabajadores del ayuntamiento\u00a0que fueron muy amables y \u00a0pacientes con nosotros.<\/p>\n<p>A continuaci\u00f3n nos invitaron a almorzar un rico bocadillo de chistorra. Que desde aqu\u00ed tambi\u00e9n les agradecemos por todo.<\/p>\n<p><a href=\"http:\/\/cpazagra.educacion.navarra.es\/blogs\/blog\/2017\/04\/24\/dia-del-arbol\/photo_20170412_111447-2\/\" rel=\"attachment wp-att-460\"><img loading=\"lazy\" class=\"size-medium wp-image-460 alignleft\" src=\"http:\/\/cpazagra.educacion.navarra.es\/blogs\/wp-content\/uploads\/2017\/05\/PHOTO_20170412_111447-1-300x225.jpg\" alt=\"\" width=\"300\" height=\"225\" srcset=\"https:\/\/cpazagra.educacion.navarra.es\/blogs\/wp-content\/uploads\/2017\/05\/PHOTO_20170412_111447-1-300x225.jpg 300w, https:\/\/cpazagra.educacion.navarra.es\/blogs\/wp-content\/uploads\/2017\/05\/PHOTO_20170412_111447-1-768x576.jpg 768w, https:\/\/cpazagra.educacion.navarra.es\/blogs\/wp-content\/uploads\/2017\/05\/PHOTO_20170412_111447-1.jpg 800w\" sizes=\"(max-width: 300px) 100vw, 300px\" \/><\/a><a href=\"http:\/\/cpazagra.educacion.navarra.es\/blogs\/blog\/2017\/04\/24\/dia-del-arbol\/photo_20170412_111754\/\" rel=\"attachment wp-att-459\"><img loading=\"lazy\" class=\"size-medium wp-image-459 alignleft\" src=\"http:\/\/cpazagra.educacion.navarra.es\/blogs\/wp-content\/uploads\/2017\/05\/PHOTO_20170412_111754-300x225.jpg\" alt=\"\" width=\"300\" height=\"225\" srcset=\"https:\/\/cpazagra.educacion.navarra.es\/blogs\/wp-content\/uploads\/2017\/05\/PHOTO_20170412_111754-300x225.jpg 300w, https:\/\/cpazagra.educacion.navarra.es\/blogs\/wp-content\/uploads\/2017\/05\/PHOTO_20170412_111754-768x576.jpg 768w, https:\/\/cpazagra.educacion.navarra.es\/blogs\/wp-content\/uploads\/2017\/05\/PHOTO_20170412_111754.jpg 800w\" sizes=\"(max-width: 300px) 100vw, 300px\" \/><\/a><\/p>\n<p>&nbsp;<\/p>\n<p>&nbsp;<\/p>\n<p>&nbsp;<\/p>\n<p>&nbsp;<\/p>\n<p>&nbsp;<\/p>\n<p>&nbsp;<\/p>\n<p style=\"text-align: left;\">FOTOS DEL D\u00cdA DEL \u00c1RBOL:<\/p>\n<p style=\"text-align: left;\"><span style=\"color: #0000ff;\"><a style=\"color: #0000ff;\" href=\"https:\/\/goo.gl\/photos\/qsEDrk6TV1aS5X3UA\" target=\"_blank\" rel=\"noopener noreferrer\">6\u00ba<\/a><\/span> \u00a0&#8211; \u00a0<span style=\"color: #0000ff;\"><a style=\"color: #0000ff;\" href=\"https:\/\/goo.gl\/photos\/Nddw3jyL5nAySLNp7\" target=\"_blank\" rel=\"noopener noreferrer\">5\u00baA<\/a><\/span> \u00a0&#8211; \u00a0<span style=\"color: #0000ff;\"><a style=\"color: #0000ff;\" href=\"https:\/\/photos.google.com\/share\/AF1QipP_Jx9KgwQNh7CXg0bpIbedifJKUYtRVZUgV-RSH-DWZr13Cpvgy2SgwUnykPG2Bg?key=aTA5WFpveTRmajVFVTZ4T2cyX0NZQjgyTTlyb2h3\" target=\"_blank\" rel=\"noopener noreferrer\">4\u00baB<\/a><\/span><\/p>\n","protected":false},"excerpt":{"rendered":"<p>El Mi\u00e9rcoles 12 de Abril, coincidiendo con el \u00faltimo d\u00eda del segundo trimestre, celebramos en el colegio el d\u00eda del \u00e1rbol, cada clase plantamos uno en la parte trasera del campo de f\u00fatbol (junto a las pistas de padel), siempre con la colaboraci\u00f3n de los trabajadores del ayuntamiento\u00a0que fueron muy amables y \u00a0pacientes con nosotros. &hellip; <\/p>\n<p><a class=\"more-link btn\" href=\"https:\/\/cpazagra.educacion.navarra.es\/blogs\/blog\/2017\/04\/24\/dia-del-arbol\/\">Continue reading<\/a><\/p>\n","protected":false},"author":1,"featured_media":0,"comment_status":"open","ping_status":"open","sticky":false,"template":"","format":"standard","meta":[],"categories":[1],"tags":[],"_links":{"self":[{"href":"https:\/\/cpazagra.educacion.navarra.es\/blogs\/wp-json\/wp\/v2\/posts\/454"}],"collection":[{"href":"https:\/\/cpazagra.educacion.navarra.es\/blogs\/wp-json\/wp\/v2\/posts"}],"about":[{"href":"https:\/\/cpazagra.educacion.navarra.es\/blogs\/wp-json\/wp\/v2\/types\/post"}],"author":[{"embeddable":true,"href":"https:\/\/cpazagra.educacion.navarra.es\/blogs\/wp-json\/wp\/v2\/users\/1"}],"replies":[{"embeddable":true,"href":"https:\/\/cpazagra.educacion.navarra.es\/blogs\/wp-json\/wp\/v2\/comments?post=454"}],"version-history":[{"count":6,"href":"https:\/\/cpazagra.educacion.navarra.es\/blogs\/wp-json\/wp\/v2\/posts\/454\/revisions"}],"predecessor-version":[{"id":470,"href":"https:\/\/cpazagra.educacion.navarra.es\/blogs\/wp-json\/wp\/v2\/posts\/454\/revisions\/470"}],"wp:attachment":[{"href":"https:\/\/cpazagra.educacion.navarra.es\/blogs\/wp-json\/wp\/v2\/media?parent=454"}],"wp:term":[{"taxonomy":"category","embeddable":true,"href":"https:\/\/cpazagra.educacion.navarra.es\/blogs\/wp-json\/wp\/v2\/categories?post=454"},{"taxonomy":"post_tag","embeddable":true,"href":"https:\/\/cpazagra.educacion.navarra.es\/blogs\/wp-json\/wp\/v2\/tags?post=454"}],"curies":[{"name":"wp","href":"https:\/\/api.w.org\/{rel}","templated":true}]}}