{"id":771,"date":"2018-04-13T14:41:10","date_gmt":"2018-04-13T12:41:10","guid":{"rendered":"https:\/\/cpazagra.educacion.navarra.es\/blogs\/?p=771"},"modified":"2018-05-17T14:54:32","modified_gmt":"2018-05-17T12:54:32","slug":"dia-del-arbol-6o-b-2018","status":"publish","type":"post","link":"https:\/\/cpazagra.educacion.navarra.es\/blogs\/blog\/2018\/04\/13\/dia-del-arbol-6o-b-2018\/","title":{"rendered":"D\u00eda del \u00e1rbol 6\u00ba B (2018)"},"content":{"rendered":"<p><a href=\"https:\/\/cpazagra.educacion.navarra.es\/blogs\/?attachment_id=772\"><img loading=\"lazy\" class=\"aligncenter size-medium wp-image-772\" src=\"https:\/\/cpazagra.educacion.navarra.es\/blogs\/wp-content\/uploads\/2018\/05\/IMG_20180328_105809-300x225.jpg\" alt=\"\" width=\"300\" height=\"225\" srcset=\"https:\/\/cpazagra.educacion.navarra.es\/blogs\/wp-content\/uploads\/2018\/05\/IMG_20180328_105809-300x225.jpg 300w, https:\/\/cpazagra.educacion.navarra.es\/blogs\/wp-content\/uploads\/2018\/05\/IMG_20180328_105809-768x576.jpg 768w, https:\/\/cpazagra.educacion.navarra.es\/blogs\/wp-content\/uploads\/2018\/05\/IMG_20180328_105809.jpg 800w\" sizes=\"(max-width: 300px) 100vw, 300px\" \/><\/a> <a href=\"https:\/\/cpazagra.educacion.navarra.es\/blogs\/?attachment_id=773\"><img loading=\"lazy\" class=\"aligncenter size-medium wp-image-773\" src=\"https:\/\/cpazagra.educacion.navarra.es\/blogs\/wp-content\/uploads\/2018\/05\/IMG_20180328_110728-300x225.jpg\" alt=\"\" width=\"300\" height=\"225\" srcset=\"https:\/\/cpazagra.educacion.navarra.es\/blogs\/wp-content\/uploads\/2018\/05\/IMG_20180328_110728-300x225.jpg 300w, https:\/\/cpazagra.educacion.navarra.es\/blogs\/wp-content\/uploads\/2018\/05\/IMG_20180328_110728-768x576.jpg 768w, https:\/\/cpazagra.educacion.navarra.es\/blogs\/wp-content\/uploads\/2018\/05\/IMG_20180328_110728.jpg 800w\" sizes=\"(max-width: 300px) 100vw, 300px\" \/><\/a> <a href=\"https:\/\/cpazagra.educacion.navarra.es\/blogs\/?attachment_id=774\"><img loading=\"lazy\" class=\"aligncenter size-medium wp-image-774\" src=\"https:\/\/cpazagra.educacion.navarra.es\/blogs\/wp-content\/uploads\/2018\/05\/IMG_20180328_120951-300x225.jpg\" alt=\"\" width=\"300\" height=\"225\" srcset=\"https:\/\/cpazagra.educacion.navarra.es\/blogs\/wp-content\/uploads\/2018\/05\/IMG_20180328_120951-300x225.jpg 300w, https:\/\/cpazagra.educacion.navarra.es\/blogs\/wp-content\/uploads\/2018\/05\/IMG_20180328_120951-768x576.jpg 768w, https:\/\/cpazagra.educacion.navarra.es\/blogs\/wp-content\/uploads\/2018\/05\/IMG_20180328_120951.jpg 800w\" sizes=\"(max-width: 300px) 100vw, 300px\" \/><\/a><\/p>\n<p>Como todos los a\u00f1os en el cole se ha celebrado el d\u00eda del \u00e1rbol, coincidiendo con el inicio de las vacaciones de Semana Santa.<\/p>\n<p>Los alumnos de 6\u00ba B han estado plantando \u00e1rboles en la zona del padel, al igual que en a\u00f1os anteriores.<\/p>\n<p>La ma\u00f1ana ha acompa\u00f1ado con un d\u00eda espectacular y tras el trabajo, tocaba disfrutar del almuerzo organizado por el ayuntamiento y elaborado por la brigada de trabajadores del mismo, que tambi\u00e9n han colaborado en la plantaci\u00f3n.<\/p>\n<p>Por \u00faltimo los alumnos de 6\u00ba han recogido los restos de basura generados por los alumnos del colegio en la zona de las gradas del campo de f\u00fatbol, y han vuelto al cole para terminar la estupenda jornada y dar inicio a las vacaciones.<\/p>\n<p><a href=\"https:\/\/photos.app.goo.gl\/pCmIHimN9BxLeHH22\" target=\"_blank\" rel=\"noopener\">FOTOS<\/a><\/p>\n","protected":false},"excerpt":{"rendered":"<p>Como todos los a\u00f1os en el cole se ha celebrado el d\u00eda del \u00e1rbol, coincidiendo con el inicio de las vacaciones de Semana Santa. Los alumnos de 6\u00ba B han estado plantando \u00e1rboles en la zona del padel, al igual que en a\u00f1os anteriores. La ma\u00f1ana ha acompa\u00f1ado con un d\u00eda espectacular y tras el &hellip; <\/p>\n<p><a class=\"more-link btn\" href=\"https:\/\/cpazagra.educacion.navarra.es\/blogs\/blog\/2018\/04\/13\/dia-del-arbol-6o-b-2018\/\">Continue reading<\/a><\/p>\n","protected":false},"author":1,"featured_media":0,"comment_status":"open","ping_status":"open","sticky":false,"template":"","format":"standard","meta":[],"categories":[5,1],"tags":[],"_links":{"self":[{"href":"https:\/\/cpazagra.educacion.navarra.es\/blogs\/wp-json\/wp\/v2\/posts\/771"}],"collection":[{"href":"https:\/\/cpazagra.educacion.navarra.es\/blogs\/wp-json\/wp\/v2\/posts"}],"about":[{"href":"https:\/\/cpazagra.educacion.navarra.es\/blogs\/wp-json\/wp\/v2\/types\/post"}],"author":[{"embeddable":true,"href":"https:\/\/cpazagra.educacion.navarra.es\/blogs\/wp-json\/wp\/v2\/users\/1"}],"replies":[{"embeddable":true,"href":"https:\/\/cpazagra.educacion.navarra.es\/blogs\/wp-json\/wp\/v2\/comments?post=771"}],"version-history":[{"count":1,"href":"https:\/\/cpazagra.educacion.navarra.es\/blogs\/wp-json\/wp\/v2\/posts\/771\/revisions"}],"predecessor-version":[{"id":775,"href":"https:\/\/cpazagra.educacion.navarra.es\/blogs\/wp-json\/wp\/v2\/posts\/771\/revisions\/775"}],"wp:attachment":[{"href":"https:\/\/cpazagra.educacion.navarra.es\/blogs\/wp-json\/wp\/v2\/media?parent=771"}],"wp:term":[{"taxonomy":"category","embeddable":true,"href":"https:\/\/cpazagra.educacion.navarra.es\/blogs\/wp-json\/wp\/v2\/categories?post=771"},{"taxonomy":"post_tag","embeddable":true,"href":"https:\/\/cpazagra.educacion.navarra.es\/blogs\/wp-json\/wp\/v2\/tags?post=771"}],"curies":[{"name":"wp","href":"https:\/\/api.w.org\/{rel}","templated":true}]}}